{"id":1879,"date":"2026-01-08T09:59:30","date_gmt":"2026-01-08T12:59:30","guid":{"rendered":"https:\/\/cadastrounico.setasquixeramobim.net.br\/?p=1879"},"modified":"2026-01-08T09:59:33","modified_gmt":"2026-01-08T12:59:33","slug":"aviso-de-indisponilidade-do-sistema","status":"publish","type":"post","link":"https:\/\/cadastrounico.setasquixeramobim.net.br\/index.php\/2026\/01\/08\/aviso-de-indisponilidade-do-sistema\/","title":{"rendered":"AVISO DE INDISPONILIDADE DO SISTEMA"},"content":{"rendered":"\n<p class=\"has-medium-font-size\">Mensalmente, a Dataprev realiza a integra\u00e7\u00e3o autom\u00e1tica dos dados a fim de <strong>assegurar<\/strong> a fidelidade das informa\u00e7\u00f5es contidas na base do Cadastro \u00danico, garantindo, assim, que programas e servi\u00e7os sejam direcionados \u00e0s fam\u00edlias que deles necessitam.<\/p>\n\n\n\n<p class=\"has-medium-font-size\">A\u00a0<strong>integra\u00e7\u00e3o do Cadastro \u00danico<\/strong>\u00a0refere-se ao cruzamento autom\u00e1tico e online de dados entre o sistema do Cadastro \u00danico (Cad\u00danico) e outras bases de dados do Governo Federal, como o CNIS (Cadastro Nacional de Informa\u00e7\u00f5es Sociais) e a Receita Federal (CPF).\u00a0<\/p>\n\n\n\n<figure class=\"wp-block-image size-large\"><img data-recalc-dims=\"1\" loading=\"lazy\" decoding=\"async\" width=\"1024\" height=\"474\" src=\"https:\/\/i0.wp.com\/cadastrounico.setasquixeramobim.net.br\/wp-content\/uploads\/2026\/01\/Indispinibilidade-do-sistema.jpg?resize=1024%2C474&#038;ssl=1\" alt=\"\" class=\"wp-image-1880\" srcset=\"https:\/\/i0.wp.com\/cadastrounico.setasquixeramobim.net.br\/wp-content\/uploads\/2026\/01\/Indispinibilidade-do-sistema.jpg?resize=1024%2C474&amp;ssl=1 1024w, https:\/\/i0.wp.com\/cadastrounico.setasquixeramobim.net.br\/wp-content\/uploads\/2026\/01\/Indispinibilidade-do-sistema.jpg?resize=300%2C139&amp;ssl=1 300w, https:\/\/i0.wp.com\/cadastrounico.setasquixeramobim.net.br\/wp-content\/uploads\/2026\/01\/Indispinibilidade-do-sistema.jpg?resize=768%2C356&amp;ssl=1 768w, https:\/\/i0.wp.com\/cadastrounico.setasquixeramobim.net.br\/wp-content\/uploads\/2026\/01\/Indispinibilidade-do-sistema.jpg?w=1520&amp;ssl=1 1520w\" sizes=\"auto, (max-width: 1000px) 100vw, 1000px\" \/><\/figure>\n","protected":false},"excerpt":{"rendered":"<p>Mensalmente, a Dataprev realiza a integra\u00e7\u00e3o autom\u00e1tica dos dados a fim de assegurar a fidelidade das informa\u00e7\u00f5es contidas na base do Cadastro \u00danico, garantindo, assim, que programas e servi\u00e7os sejam direcionados \u00e0s fam\u00edlias que deles necessitam. A\u00a0integra\u00e7\u00e3o do Cadastro \u00danico\u00a0refere-se ao cruzamento autom\u00e1tico e online de dados entre o sistema do Cadastro \u00danico (Cad\u00danico) e [&hellip;]<\/p>\n","protected":false},"author":1,"featured_media":1197,"comment_status":"closed","ping_status":"open","sticky":false,"template":"","format":"standard","meta":{"_uag_custom_page_level_css":"","site-sidebar-layout":"default","site-content-layout":"","ast-site-content-layout":"default","site-content-style":"default","site-sidebar-style":"default","ast-global-header-display":"","ast-banner-title-visibility":"","ast-main-header-display":"","ast-hfb-above-header-display":"","ast-hfb-below-header-display":"","ast-hfb-mobile-header-display":"","site-post-title":"","ast-breadcrumbs-content":"","ast-featured-img":"","footer-sml-layout":"","ast-disable-related-posts":"","theme-transparent-header-meta":"","adv-header-id-meta":"","stick-header-meta":"","header-above-stick-meta":"","header-main-stick-meta":"","header-below-stick-meta":"","astra-migrate-meta-layouts":"set","ast-page-background-enabled":"default","ast-page-background-meta":{"desktop":{"background-color":"","background-image":"","background-repeat":"repeat","background-position":"center center","background-size":"auto","background-attachment":"scroll","background-type":"","background-media":"","overlay-type":"","overlay-color":"","overlay-opacity":"","overlay-gradient":""},"tablet":{"background-color":"","background-image":"","background-repeat":"repeat","background-position":"center center","background-size":"auto","background-attachment":"scroll","background-type":"","background-media":"","overlay-type":"","overlay-color":"","overlay-opacity":"","overlay-gradient":""},"mobile":{"background-color":"","background-image":"","background-repeat":"repeat","background-position":"center center","background-size":"auto","background-attachment":"scroll","background-type":"","background-media":"","overlay-type":"","overlay-color":"","overlay-opacity":"","overlay-gradient":""}},"ast-content-background-meta":{"desktop":{"background-color":"var(--ast-global-color-5)","background-image":"","background-repeat":"repeat","background-position":"center center","background-size":"auto","background-attachment":"scroll","background-type":"","background-media":"","overlay-type":"","overlay-color":"","overlay-opacity":"","overlay-gradient":""},"tablet":{"background-color":"var(--ast-global-color-5)","background-image":"","background-repeat":"repeat","background-position":"center center","background-size":"auto","background-attachment":"scroll","background-type":"","background-media":"","overlay-type":"","overlay-color":"","overlay-opacity":"","overlay-gradient":""},"mobile":{"background-color":"var(--ast-global-color-5)","background-image":"","background-repeat":"repeat","background-position":"center center","background-size":"auto","background-attachment":"scroll","background-type":"","background-media":"","overlay-type":"","overlay-color":"","overlay-opacity":"","overlay-gradient":""}},"episode_type":"","audio_file":"","podmotor_file_id":"","podmotor_episode_id":"","cover_image":"","cover_image_id":"","duration":"","filesize":"","filesize_raw":"","date_recorded":"","explicit":"","block":"","itunes_episode_number":"","itunes_title":"","itunes_season_number":"","itunes_episode_type":"","_jetpack_memberships_contains_paid_content":false,"footnotes":"","jetpack_publicize_message":"","jetpack_publicize_feature_enabled":true,"jetpack_social_post_already_shared":false,"jetpack_social_options":{"image_generator_settings":{"template":"highway","default_image_id":0,"font":"","enabled":false},"version":2}},"categories":[1],"tags":[],"class_list":["post-1879","post","type-post","status-publish","format-standard","has-post-thumbnail","hentry","category-informacoes"],"jetpack_publicize_connections":[],"jetpack_featured_media_url":"https:\/\/i0.wp.com\/cadastrounico.setasquixeramobim.net.br\/wp-content\/uploads\/2023\/11\/ATENCAO.jpg?fit=630%2C349&ssl=1","uagb_featured_image_src":{"full":["https:\/\/i0.wp.com\/cadastrounico.setasquixeramobim.net.br\/wp-content\/uploads\/2023\/11\/ATENCAO.jpg?fit=630%2C349&ssl=1",630,349,false],"thumbnail":["https:\/\/i0.wp.com\/cadastrounico.setasquixeramobim.net.br\/wp-content\/uploads\/2023\/11\/ATENCAO.jpg?resize=150%2C150&ssl=1",150,150,true],"medium":["https:\/\/i0.wp.com\/cadastrounico.setasquixeramobim.net.br\/wp-content\/uploads\/2023\/11\/ATENCAO.jpg?fit=300%2C166&ssl=1",300,166,true],"medium_large":["https:\/\/i0.wp.com\/cadastrounico.setasquixeramobim.net.br\/wp-content\/uploads\/2023\/11\/ATENCAO.jpg?fit=630%2C349&ssl=1",630,349,true],"large":["https:\/\/i0.wp.com\/cadastrounico.setasquixeramobim.net.br\/wp-content\/uploads\/2023\/11\/ATENCAO.jpg?fit=630%2C349&ssl=1",630,349,true],"1536x1536":["https:\/\/i0.wp.com\/cadastrounico.setasquixeramobim.net.br\/wp-content\/uploads\/2023\/11\/ATENCAO.jpg?fit=630%2C349&ssl=1",630,349,true],"2048x2048":["https:\/\/i0.wp.com\/cadastrounico.setasquixeramobim.net.br\/wp-content\/uploads\/2023\/11\/ATENCAO.jpg?fit=630%2C349&ssl=1",630,349,true]},"uagb_author_info":{"display_name":"sergiovasconcelos","author_link":"https:\/\/cadastrounico.setasquixeramobim.net.br\/index.php\/author\/sergiovasconcelos\/"},"uagb_comment_info":0,"uagb_excerpt":"Mensalmente, a Dataprev realiza a integra\u00e7\u00e3o autom\u00e1tica dos dados a fim de assegurar a fidelidade das informa\u00e7\u00f5es contidas na base do Cadastro \u00danico, garantindo, assim, que programas e servi\u00e7os sejam direcionados \u00e0s fam\u00edlias que deles necessitam. A\u00a0integra\u00e7\u00e3o do Cadastro \u00danico\u00a0refere-se ao cruzamento autom\u00e1tico e online de dados entre o sistema do Cadastro \u00danico (Cad\u00danico) e&hellip;","jetpack_sharing_enabled":true,"jetpack_likes_enabled":true,"jetpack-related-posts":[{"id":1586,"url":"https:\/\/cadastrounico.setasquixeramobim.net.br\/index.php\/2025\/03\/01\/comunicado-importante\/","url_meta":{"origin":1879,"position":0},"title":"COMUNICADO IMPORTANTE","author":"sergiovasconcelos","date":"1 de mar\u00e7o de 2025","format":false,"excerpt":"Conforme comunicado do Minist\u00e9rio do Desenvolvimento e Assist\u00eancia Social, Fam\u00edlia e Combate \u00e0 Fome, do Governo Federal, o sistema do Cadastro \u00danico estar\u00e1 indispon\u00edvel em n\u00edvel nacional no per\u00edodo de 28 de fevereiro a 17 de mar\u00e7o de 2025. A suspens\u00e3o tempor\u00e1ria do sistema de Cadastro \u00danico se deve \u00e0\u2026","rel":"","context":"Em &quot;Informa\u00e7\u00f5es&quot;","block_context":{"text":"Informa\u00e7\u00f5es","link":"https:\/\/cadastrounico.setasquixeramobim.net.br\/index.php\/category\/informacoes\/"},"img":{"alt_text":"","src":"https:\/\/i0.wp.com\/cadastrounico.setasquixeramobim.net.br\/wp-content\/uploads\/2025\/03\/POSTAGEM.jpeg?fit=960%2C1200&ssl=1&resize=350%2C200","width":350,"height":200,"srcset":"https:\/\/i0.wp.com\/cadastrounico.setasquixeramobim.net.br\/wp-content\/uploads\/2025\/03\/POSTAGEM.jpeg?fit=960%2C1200&ssl=1&resize=350%2C200 1x, https:\/\/i0.wp.com\/cadastrounico.setasquixeramobim.net.br\/wp-content\/uploads\/2025\/03\/POSTAGEM.jpeg?fit=960%2C1200&ssl=1&resize=525%2C300 1.5x, https:\/\/i0.wp.com\/cadastrounico.setasquixeramobim.net.br\/wp-content\/uploads\/2025\/03\/POSTAGEM.jpeg?fit=960%2C1200&ssl=1&resize=700%2C400 2x"},"classes":[]},{"id":1182,"url":"https:\/\/cadastrounico.setasquixeramobim.net.br\/index.php\/2023\/10\/09\/atencao-comunicado-importante\/","url_meta":{"origin":1879,"position":1},"title":"ATEN\u00c7\u00c3O, COMUNICADO IMPORTANTE","author":"sergiovasconcelos","date":"9 de outubro de 2023","format":false,"excerpt":"O governo federal est\u00e1 realizando mensalmente um cruzamento de renda do Cadastro \u00danico com a base de dados do CNIS o que ocasiona a indisponibilidade do sistema, nesse sentido, informamos que quarta-feira, 11, o sistema estar\u00e1 indispon\u00edvel e n\u00e3o haver\u00e1 atendimento para inclus\u00e3o ou atualiza\u00e7\u00e3o. Grato, Coordena\u00e7\u00e3o do Cadastro \u00danico\u2026","rel":"","context":"Em &quot;Informa\u00e7\u00f5es&quot;","block_context":{"text":"Informa\u00e7\u00f5es","link":"https:\/\/cadastrounico.setasquixeramobim.net.br\/index.php\/category\/informacoes\/"},"img":{"alt_text":"","src":"https:\/\/i0.wp.com\/cadastrounico.setasquixeramobim.net.br\/wp-content\/uploads\/2023\/05\/cropped-Logo-png-cadunico_fundo-branco-e1684234388523.png?fit=512%2C512&ssl=1&resize=350%2C200","width":350,"height":200},"classes":[]},{"id":904,"url":"https:\/\/cadastrounico.setasquixeramobim.net.br\/index.php\/2023\/01\/15\/bolsa-familia-com-acrescimo-de-r-150-por-crianca-de-ate-seis-anos-comeca-a-ser-pago-em-marco\/","url_meta":{"origin":1879,"position":2},"title":"Bolsa Fam\u00edlia com acr\u00e9scimo de R$ 150 por crian\u00e7a de at\u00e9 seis anos come\u00e7a a ser pago em mar\u00e7o","author":"sergiovasconcelos","date":"15 de janeiro de 2023","format":false,"excerpt":"An\u00fancio foi feito pelo ministro do Desenvolvimento e Assist\u00eancia Social, Fam\u00edlia e Combate \u00e0 Fome, ap\u00f3s reuni\u00e3o com o presidente da Rep\u00fablica Luiz In\u00e1cio Lula da Silva, nesta quarta-feira (11.01) O Bolsa Fam\u00edlia com acr\u00e9scimo de R$ 150 por fam\u00edlia com crian\u00e7as de at\u00e9 seis anos come\u00e7a a ser pago\u2026","rel":"","context":"Em &quot;Informa\u00e7\u00f5es&quot;","block_context":{"text":"Informa\u00e7\u00f5es","link":"https:\/\/cadastrounico.setasquixeramobim.net.br\/index.php\/category\/informacoes\/"},"img":{"alt_text":"","src":"https:\/\/i0.wp.com\/cadastrounico.setasquixeramobim.net.br\/wp-content\/uploads\/2023\/01\/novo-bolsa-familia-auxilio-brasil-pode-ser-pago-em-novembro.jpg?fit=1200%2C628&ssl=1&resize=350%2C200","width":350,"height":200,"srcset":"https:\/\/i0.wp.com\/cadastrounico.setasquixeramobim.net.br\/wp-content\/uploads\/2023\/01\/novo-bolsa-familia-auxilio-brasil-pode-ser-pago-em-novembro.jpg?fit=1200%2C628&ssl=1&resize=350%2C200 1x, https:\/\/i0.wp.com\/cadastrounico.setasquixeramobim.net.br\/wp-content\/uploads\/2023\/01\/novo-bolsa-familia-auxilio-brasil-pode-ser-pago-em-novembro.jpg?fit=1200%2C628&ssl=1&resize=525%2C300 1.5x, https:\/\/i0.wp.com\/cadastrounico.setasquixeramobim.net.br\/wp-content\/uploads\/2023\/01\/novo-bolsa-familia-auxilio-brasil-pode-ser-pago-em-novembro.jpg?fit=1200%2C628&ssl=1&resize=700%2C400 2x, https:\/\/i0.wp.com\/cadastrounico.setasquixeramobim.net.br\/wp-content\/uploads\/2023\/01\/novo-bolsa-familia-auxilio-brasil-pode-ser-pago-em-novembro.jpg?fit=1200%2C628&ssl=1&resize=1050%2C600 3x"},"classes":[]},{"id":1640,"url":"https:\/\/cadastrounico.setasquixeramobim.net.br\/index.php\/2025\/04\/14\/cpf-no-novo-cadastro-unico\/","url_meta":{"origin":1879,"position":3},"title":"CPF no Novo Cadastro \u00danico","author":"Rejane Nunes","date":"14 de abril de 2025","format":false,"excerpt":"Informe n\u00ba 66 \u2022 02 abril de 2025 O n\u00famero do NIS n\u00e3o deve ser solicitado para comprovar que o cidad\u00e3o est\u00e1no Cadastro \u00danico Desde 17 de mar\u00e7o, est\u00e1 no ar o Novo Cadastro \u00danico, que trouxe v\u00e1rias inova\u00e7\u00f5es, inclusive a ado\u00e7\u00e3o do n\u00famero do Cadastro de Pessoa F\u00edsica (CPF),\u2026","rel":"","context":"Em &quot;Informa\u00e7\u00f5es&quot;","block_context":{"text":"Informa\u00e7\u00f5es","link":"https:\/\/cadastrounico.setasquixeramobim.net.br\/index.php\/category\/informacoes\/"},"img":{"alt_text":"","src":"https:\/\/i0.wp.com\/cadastrounico.setasquixeramobim.net.br\/wp-content\/uploads\/2025\/04\/WhatsApp-Image-2025-04-14-at-14.40.04.jpeg?resize=350%2C200&ssl=1","width":350,"height":200,"srcset":"https:\/\/i0.wp.com\/cadastrounico.setasquixeramobim.net.br\/wp-content\/uploads\/2025\/04\/WhatsApp-Image-2025-04-14-at-14.40.04.jpeg?resize=350%2C200&ssl=1 1x, https:\/\/i0.wp.com\/cadastrounico.setasquixeramobim.net.br\/wp-content\/uploads\/2025\/04\/WhatsApp-Image-2025-04-14-at-14.40.04.jpeg?resize=525%2C300&ssl=1 1.5x"},"classes":[]},{"id":1882,"url":"https:\/\/cadastrounico.setasquixeramobim.net.br\/index.php\/2026\/01\/15\/saiba-mais-sobre-o-programa-pe-de-meia\/","url_meta":{"origin":1879,"position":4},"title":"SAIBA MAIS SOBRE O PROGRAMA P\u00c9 DE MEIA","author":"sergiovasconcelos","date":"15 de janeiro de 2026","format":false,"excerpt":"O Programa P\u00e9-de-Meia\u00e9 uma iniciativa do Governo Federal que oferece incentivo financeiro a estudantes do ensino m\u00e9dio da rede p\u00fablica para estimular a perman\u00eancia e a conclus\u00e3o dos estudos. O valor total acumulado pode chegar a R$ 9.200 ao longo dos tr\u00eas anos.\u00a0 Como funciona\u00a0 O programa funciona como uma\u2026","rel":"","context":"Em &quot;Informa\u00e7\u00f5es&quot;","block_context":{"text":"Informa\u00e7\u00f5es","link":"https:\/\/cadastrounico.setasquixeramobim.net.br\/index.php\/category\/informacoes\/"},"img":{"alt_text":"","src":"https:\/\/i0.wp.com\/cadastrounico.setasquixeramobim.net.br\/wp-content\/uploads\/2026\/01\/Logo-Pe-de-meia.jpeg?fit=768%2C768&ssl=1&resize=350%2C200","width":350,"height":200,"srcset":"https:\/\/i0.wp.com\/cadastrounico.setasquixeramobim.net.br\/wp-content\/uploads\/2026\/01\/Logo-Pe-de-meia.jpeg?fit=768%2C768&ssl=1&resize=350%2C200 1x, https:\/\/i0.wp.com\/cadastrounico.setasquixeramobim.net.br\/wp-content\/uploads\/2026\/01\/Logo-Pe-de-meia.jpeg?fit=768%2C768&ssl=1&resize=525%2C300 1.5x, https:\/\/i0.wp.com\/cadastrounico.setasquixeramobim.net.br\/wp-content\/uploads\/2026\/01\/Logo-Pe-de-meia.jpeg?fit=768%2C768&ssl=1&resize=700%2C400 2x"},"classes":[]},{"id":910,"url":"https:\/\/cadastrounico.setasquixeramobim.net.br\/index.php\/2023\/01\/22\/bolsa-familia-tera-novo-grupo-de-beneficiarios-bloqueados-por-violar-criterios-do-programa\/","url_meta":{"origin":1879,"position":5},"title":"Bolsa Fam\u00edlia ter\u00e1 novo grupo de benefici\u00e1rios BLOQUEADOS por violar crit\u00e9rios do programa","author":"sergiovasconcelos","date":"22 de janeiro de 2023","format":false,"excerpt":"Desde que o retorno do Bolsa Fam\u00edlia foi anunciado, o governo federal em parceria com o minist\u00e9rio do Desenvolvimento Social\u00a0passaram a trazer informa\u00e7\u00f5es sobre o pente-fino. Isso \u00e9, uma avalia\u00e7\u00e3o de dados disponibilizados no Cadastro \u00danico, e que dever\u00e3o ser revisados a fim de descobrir poss\u00edveis fraudes. Diante dessa situa\u00e7\u00e3o,\u2026","rel":"","context":"Em &quot;Averigua\u00e7\u00e3o e Revis\u00e3o&quot;","block_context":{"text":"Averigua\u00e7\u00e3o e Revis\u00e3o","link":"https:\/\/cadastrounico.setasquixeramobim.net.br\/index.php\/category\/averiguacao-revisao\/"},"img":{"alt_text":"","src":"https:\/\/i0.wp.com\/cadastrounico.setasquixeramobim.net.br\/wp-content\/uploads\/2023\/01\/EXTRA-Bolsa-Familia-de-janeiro-sera-antecipado-Entenda-a-situacao-scaled-1.jpg-e1674404064814.webp?fit=1200%2C800&ssl=1&resize=350%2C200","width":350,"height":200,"srcset":"https:\/\/i0.wp.com\/cadastrounico.setasquixeramobim.net.br\/wp-content\/uploads\/2023\/01\/EXTRA-Bolsa-Familia-de-janeiro-sera-antecipado-Entenda-a-situacao-scaled-1.jpg-e1674404064814.webp?fit=1200%2C800&ssl=1&resize=350%2C200 1x, https:\/\/i0.wp.com\/cadastrounico.setasquixeramobim.net.br\/wp-content\/uploads\/2023\/01\/EXTRA-Bolsa-Familia-de-janeiro-sera-antecipado-Entenda-a-situacao-scaled-1.jpg-e1674404064814.webp?fit=1200%2C800&ssl=1&resize=525%2C300 1.5x, https:\/\/i0.wp.com\/cadastrounico.setasquixeramobim.net.br\/wp-content\/uploads\/2023\/01\/EXTRA-Bolsa-Familia-de-janeiro-sera-antecipado-Entenda-a-situacao-scaled-1.jpg-e1674404064814.webp?fit=1200%2C800&ssl=1&resize=700%2C400 2x, https:\/\/i0.wp.com\/cadastrounico.setasquixeramobim.net.br\/wp-content\/uploads\/2023\/01\/EXTRA-Bolsa-Familia-de-janeiro-sera-antecipado-Entenda-a-situacao-scaled-1.jpg-e1674404064814.webp?fit=1200%2C800&ssl=1&resize=1050%2C600 3x"},"classes":[]}],"_links":{"self":[{"href":"https:\/\/cadastrounico.setasquixeramobim.net.br\/index.php\/wp-json\/wp\/v2\/posts\/1879","targetHints":{"allow":["GET"]}}],"collection":[{"href":"https:\/\/cadastrounico.setasquixeramobim.net.br\/index.php\/wp-json\/wp\/v2\/posts"}],"about":[{"href":"https:\/\/cadastrounico.setasquixeramobim.net.br\/index.php\/wp-json\/wp\/v2\/types\/post"}],"author":[{"embeddable":true,"href":"https:\/\/cadastrounico.setasquixeramobim.net.br\/index.php\/wp-json\/wp\/v2\/users\/1"}],"replies":[{"embeddable":true,"href":"https:\/\/cadastrounico.setasquixeramobim.net.br\/index.php\/wp-json\/wp\/v2\/comments?post=1879"}],"version-history":[{"count":1,"href":"https:\/\/cadastrounico.setasquixeramobim.net.br\/index.php\/wp-json\/wp\/v2\/posts\/1879\/revisions"}],"predecessor-version":[{"id":1881,"href":"https:\/\/cadastrounico.setasquixeramobim.net.br\/index.php\/wp-json\/wp\/v2\/posts\/1879\/revisions\/1881"}],"wp:featuredmedia":[{"embeddable":true,"href":"https:\/\/cadastrounico.setasquixeramobim.net.br\/index.php\/wp-json\/wp\/v2\/media\/1197"}],"wp:attachment":[{"href":"https:\/\/cadastrounico.setasquixeramobim.net.br\/index.php\/wp-json\/wp\/v2\/media?parent=1879"}],"wp:term":[{"taxonomy":"category","embeddable":true,"href":"https:\/\/cadastrounico.setasquixeramobim.net.br\/index.php\/wp-json\/wp\/v2\/categories?post=1879"},{"taxonomy":"post_tag","embeddable":true,"href":"https:\/\/cadastrounico.setasquixeramobim.net.br\/index.php\/wp-json\/wp\/v2\/tags?post=1879"}],"curies":[{"name":"wp","href":"https:\/\/api.w.org\/{rel}","templated":true}]}}